{"id":110,"date":"2019-06-24T10:05:00","date_gmt":"2019-06-24T10:05:00","guid":{"rendered":"http:\/\/10.40.3.74\/uig\/wordpress\/?p=110"},"modified":"2024-12-02T15:05:53","modified_gmt":"2024-12-02T21:05:53","slug":"reunion-nacional-de-enlaces-con-banavim","status":"publish","type":"post","link":"https:\/\/uigtsj.poderjudicialqro.gob.mx\/index.php\/2019\/06\/24\/reunion-nacional-de-enlaces-con-banavim\/","title":{"rendered":"Reuni\u00f3n Nacional de Enlaces con BANAVIM"},"content":{"rendered":"\t\t<div data-elementor-type=\"wp-post\" data-elementor-id=\"110\" class=\"elementor elementor-110\">\n\t\t\t\t\t\t<section class=\"elementor-section elementor-top-section elementor-element elementor-element-1fd6ceb8 elementor-section-boxed elementor-section-height-default elementor-section-height-default\" data-id=\"1fd6ceb8\" data-element_type=\"section\" data-e-type=\"section\">\n\t\t\t\t\t\t<div class=\"elementor-container elementor-column-gap-default\">\n\t\t\t\t\t<div class=\"elementor-column elementor-col-100 elementor-top-column elementor-element elementor-element-22560e5c\" data-id=\"22560e5c\" data-element_type=\"column\" data-e-type=\"column\">\n\t\t\t<div class=\"elementor-widget-wrap elementor-element-populated\">\n\t\t\t\t\t\t<div class=\"elementor-element elementor-element-4740885c elementor-widget elementor-widget-text-editor\" data-id=\"4740885c\" data-element_type=\"widget\" data-e-type=\"widget\" data-widget_type=\"text-editor.default\">\n\t\t\t\t<div class=\"elementor-widget-container\">\n\t\t\t\t\t\t\t\t\t\n<p><span style=\"color: #1a1a1a;\">El 21 de junio de 2019, se llev\u00f3 a cabo en la Secretar\u00eda de Gobernaci\u00f3n (SEGOB), la <strong><em>Reuni\u00f3n Nacional de Enlaces con el Banco Nacional de Datos e Informaci\u00f3n sobre casos de Violencia contra las Mujeres<\/em> (BANAVIM)<\/strong>. Asistieron a dicha reuni\u00f3n representando al Poder Judicial del Estado de Quer\u00e9taro la Directora de Orientaci\u00f3n y Servicio a la Ciudadan\u00eda, el Director de Tecnolog\u00edas de la Informaci\u00f3n, el Jefe de Inform\u00e1tica y Desarrollo, as\u00ed como la Jefa de la Unidad de Derechos Humanos e Igualdad de G\u00e9nero.<\/span><\/p>\n<p><span style=\"color: #1a1a1a;\"><\/span><\/p>\n<p><span style=\"color: #1a1a1a;\">Fue presidida por el Director General de Estrategias para la Atenci\u00f3n de Derechos Humanos de la SEGOB, quien resalto la importancia de contribuir proporcionando la informaci\u00f3n para el BANAVIM la cual permite hacer visible la violencia contra las mujeres que son atendidas por las dependencias obligadas y con ello implementar pol\u00edticas p\u00fablicas que permitan prevenir, erradicar y sancionar dicha violencia.<\/span><\/p>\n<p><span style=\"color: #1a1a1a;\"><\/span><\/p>\n<p><span style=\"color: #1a1a1a;\">Asisti\u00f3 tambi\u00e9n la titular de la Secretar\u00eda de Gobernaci\u00f3n, quien destac\u00f3 la necesidad de reeducar a la sociedad, ya que la violencia de g\u00e9nero es un tema cultural que tiene su base en el patriarcado; cito adem\u00e1s, que es prioritario atender a las mujeres violentadas mediante la implementaci\u00f3n de pol\u00edticas p\u00fablicas orientadas a lo psicol\u00f3gico, emocional, laboral, pol\u00edtico y econ\u00f3mico.<\/span><\/p>\n\n<p><div id=\"envira-gallery-wrap-112\" class=\"envira-gallery-wrap envira-gallery-theme-base envira-lightbox-theme-base\" itemscope itemtype=\"https:\/\/schema.org\/ImageGallery\"><div data-row-height=\"\" data-gallery-theme=\"\" id=\"envira-gallery-112\" class=\"envira-gallery-public  envira-gallery-2-columns envira-clear enviratope envira-gallery-css-animations\" data-envira-columns=\"2\"><div id=\"envira-gallery-item-113\" class=\"envira-gallery-item enviratope-item envira-gallery-item-1 envira-lazy-load\" style=\"padding-left: 5px; padding-bottom: 10px; padding-right: 5px;\"  itemscope itemtype=\"https:\/\/schema.org\/ImageObject\"><div class=\"envira-gallery-item-inner\"><div class=\"envira-gallery-position-overlay  envira-gallery-top-left\"><\/div><div class=\"envira-gallery-position-overlay  envira-gallery-top-right\"><\/div><div class=\"envira-gallery-position-overlay  envira-gallery-bottom-left\"><\/div><div class=\"envira-gallery-position-overlay  envira-gallery-bottom-right\"><\/div><a href=\"https:\/\/uigtsj.tribunalqro.gob.mx\/wp-content\/uploads\/2020\/02\/Foto1-1.jpeg\" class=\"envira-gallery-112 envira-gallery-link\" rel=\"enviragallery112\" title=\"Foto1\" data-envira-caption=\"Foto1\" data-envira-retina=\"\" data-thumbnail=\"\"  itemprop=\"contentUrl\"><div class=\"envira-lazy\" data-test-width=\"640\" data-test-height=\"480\" style=\"padding-bottom:75%;\"><img decoding=\"async\" id=\"envira-gallery-image-113\" class=\"envira-gallery-image envira-gallery-image-1\" data-envira-index=\"1\" src=\"https:\/\/uigtsj.poderjudicialqro.gob.mx\/wp-content\/uploads\/2020\/02\/Foto1-1-1024x662-640x480.jpeg\" data-envira-src=\"https:\/\/uigtsj.poderjudicialqro.gob.mx\/wp-content\/uploads\/2020\/02\/Foto1-1-1024x662-640x480.jpeg\" data-envira-gallery-id=\"112\" data-envira-item-id=\"113\" data-envira-caption=\"Foto1\" alt=\"\" title=\"Foto1\"  itemprop=\"thumbnailUrl\" data-envira-srcset=\"https:\/\/uigtsj.poderjudicialqro.gob.mx\/wp-content\/uploads\/2020\/02\/Foto1-1-1024x662-640x480.jpeg 400w,https:\/\/uigtsj.poderjudicialqro.gob.mx\/wp-content\/uploads\/2020\/02\/Foto1-1-1024x662-640x480.jpeg 2x\" srcset=\"data:image\/gif;base64,R0lGODlhAQABAIAAAP\/\/\/\/\/\/\/yH5BAEKAAEALAAAAAABAAEAAAICTAEAOw==\" \/><\/div><\/a><\/div><\/div><div id=\"envira-gallery-item-114\" class=\"envira-gallery-item enviratope-item envira-gallery-item-2 envira-lazy-load\" style=\"padding-left: 5px; padding-bottom: 10px; padding-right: 5px;\"  itemscope itemtype=\"https:\/\/schema.org\/ImageObject\"><div class=\"envira-gallery-item-inner\"><div class=\"envira-gallery-position-overlay  envira-gallery-top-left\"><\/div><div class=\"envira-gallery-position-overlay  envira-gallery-top-right\"><\/div><div class=\"envira-gallery-position-overlay  envira-gallery-bottom-left\"><\/div><div class=\"envira-gallery-position-overlay  envira-gallery-bottom-right\"><\/div><a href=\"https:\/\/uigtsj.tribunalqro.gob.mx\/wp-content\/uploads\/2020\/02\/Foto2-1.jpeg\" class=\"envira-gallery-112 envira-gallery-link\" rel=\"enviragallery112\" title=\"Foto2\" data-envira-caption=\"Foto2\" data-envira-retina=\"\" data-thumbnail=\"\"  itemprop=\"contentUrl\"><div class=\"envira-lazy\" data-test-width=\"640\" data-test-height=\"480\" style=\"padding-bottom:75%;\"><img decoding=\"async\" id=\"envira-gallery-image-114\" class=\"envira-gallery-image envira-gallery-image-2\" data-envira-index=\"2\" src=\"https:\/\/uigtsj.poderjudicialqro.gob.mx\/wp-content\/uploads\/2020\/02\/Foto2-1-1024x384-640x480.jpeg\" data-envira-src=\"https:\/\/uigtsj.poderjudicialqro.gob.mx\/wp-content\/uploads\/2020\/02\/Foto2-1-1024x384-640x480.jpeg\" data-envira-gallery-id=\"112\" data-envira-item-id=\"114\" data-envira-caption=\"Foto2\" alt=\"\" title=\"Foto2\"  itemprop=\"thumbnailUrl\" data-envira-srcset=\"https:\/\/uigtsj.poderjudicialqro.gob.mx\/wp-content\/uploads\/2020\/02\/Foto2-1-1024x384-640x480.jpeg 400w,https:\/\/uigtsj.poderjudicialqro.gob.mx\/wp-content\/uploads\/2020\/02\/Foto2-1-1024x384-640x480.jpeg 2x\" srcset=\"data:image\/gif;base64,R0lGODlhAQABAIAAAP\/\/\/\/\/\/\/yH5BAEKAAEALAAAAAABAAEAAAICTAEAOw==\" \/><\/div><\/a><\/div><\/div><\/div><\/div><noscript><img decoding=\"async\" src=\"https:\/\/uigtsj.poderjudicialqro.gob.mx\/wp-content\/uploads\/2020\/02\/Foto1-1.jpeg\" alt=\"\" \/><img decoding=\"async\" src=\"https:\/\/uigtsj.poderjudicialqro.gob.mx\/wp-content\/uploads\/2020\/02\/Foto2-1.jpeg\" alt=\"\" \/><\/noscript><\/p>\n\t\t\t\t\t\t\t\t<\/div>\n\t\t\t\t<\/div>\n\t\t\t\t\t<\/div>\n\t\t<\/div>\n\t\t\t\t\t<\/div>\n\t\t<\/section>\n\t\t\t\t<\/div>\n\t\t","protected":false},"excerpt":{"rendered":"<p>El 21 de junio de 2019, se llev\u00f3 a cabo en la Secretar\u00eda de Gobernaci\u00f3n (SEGOB), la Reuni\u00f3n Nacional de Enlaces con el Banco Nacional de Datos e Informaci\u00f3n sobre casos de Violencia contra las Mujeres (BANAVIM). Asistieron a dicha reuni\u00f3n representando al Poder Judicial del Estado de Quer\u00e9taro la Directora de Orientaci\u00f3n y Servicio &#8230; <a title=\"Reuni\u00f3n Nacional de Enlaces con BANAVIM\" class=\"read-more\" href=\"https:\/\/uigtsj.poderjudicialqro.gob.mx\/index.php\/2019\/06\/24\/reunion-nacional-de-enlaces-con-banavim\/\" aria-label=\"Leer m\u00e1s sobre Reuni\u00f3n Nacional de Enlaces con BANAVIM\">Leer m\u00e1s<\/a><\/p>\n","protected":false},"author":1,"featured_media":0,"comment_status":"closed","ping_status":"closed","sticky":false,"template":"","format":"standard","meta":{"footnotes":""},"categories":[5],"tags":[],"class_list":["post-110","post","type-post","status-publish","format-standard","hentry","category-eventos"],"_links":{"self":[{"href":"https:\/\/uigtsj.poderjudicialqro.gob.mx\/index.php\/wp-json\/wp\/v2\/posts\/110","targetHints":{"allow":["GET"]}}],"collection":[{"href":"https:\/\/uigtsj.poderjudicialqro.gob.mx\/index.php\/wp-json\/wp\/v2\/posts"}],"about":[{"href":"https:\/\/uigtsj.poderjudicialqro.gob.mx\/index.php\/wp-json\/wp\/v2\/types\/post"}],"author":[{"embeddable":true,"href":"https:\/\/uigtsj.poderjudicialqro.gob.mx\/index.php\/wp-json\/wp\/v2\/users\/1"}],"replies":[{"embeddable":true,"href":"https:\/\/uigtsj.poderjudicialqro.gob.mx\/index.php\/wp-json\/wp\/v2\/comments?post=110"}],"version-history":[{"count":8,"href":"https:\/\/uigtsj.poderjudicialqro.gob.mx\/index.php\/wp-json\/wp\/v2\/posts\/110\/revisions"}],"predecessor-version":[{"id":5870,"href":"https:\/\/uigtsj.poderjudicialqro.gob.mx\/index.php\/wp-json\/wp\/v2\/posts\/110\/revisions\/5870"}],"wp:attachment":[{"href":"https:\/\/uigtsj.poderjudicialqro.gob.mx\/index.php\/wp-json\/wp\/v2\/media?parent=110"}],"wp:term":[{"taxonomy":"category","embeddable":true,"href":"https:\/\/uigtsj.poderjudicialqro.gob.mx\/index.php\/wp-json\/wp\/v2\/categories?post=110"},{"taxonomy":"post_tag","embeddable":true,"href":"https:\/\/uigtsj.poderjudicialqro.gob.mx\/index.php\/wp-json\/wp\/v2\/tags?post=110"}],"curies":[{"name":"wp","href":"https:\/\/api.w.org\/{rel}","templated":true}]}}