{"id":118,"date":"2019-08-30T10:26:00","date_gmt":"2019-08-30T10:26:00","guid":{"rendered":"http:\/\/10.40.3.74\/uig\/wordpress\/?p=118"},"modified":"2024-12-02T15:06:58","modified_gmt":"2024-12-02T21:06:58","slug":"capacitacion-sobre-presupuestos-publicos-con-perspectiva-de-genero","status":"publish","type":"post","link":"https:\/\/uigtsj.poderjudicialqro.gob.mx\/index.php\/2019\/08\/30\/capacitacion-sobre-presupuestos-publicos-con-perspectiva-de-genero\/","title":{"rendered":"Capacitaci\u00f3n sobre Presupuestos P\u00fablicos con Perspectiva de G\u00e9nero"},"content":{"rendered":"\t\t<div data-elementor-type=\"wp-post\" data-elementor-id=\"118\" class=\"elementor elementor-118\">\n\t\t\t\t\t\t<section class=\"elementor-section elementor-top-section elementor-element elementor-element-20fa8050 elementor-section-boxed elementor-section-height-default elementor-section-height-default\" data-id=\"20fa8050\" data-element_type=\"section\" data-e-type=\"section\">\n\t\t\t\t\t\t<div class=\"elementor-container elementor-column-gap-default\">\n\t\t\t\t\t<div class=\"elementor-column elementor-col-100 elementor-top-column elementor-element elementor-element-2f0396e8\" data-id=\"2f0396e8\" data-element_type=\"column\" data-e-type=\"column\">\n\t\t\t<div class=\"elementor-widget-wrap elementor-element-populated\">\n\t\t\t\t\t\t<div class=\"elementor-element elementor-element-40bcd019 elementor-widget elementor-widget-text-editor\" data-id=\"40bcd019\" data-element_type=\"widget\" data-e-type=\"widget\" data-widget_type=\"text-editor.default\">\n\t\t\t\t<div class=\"elementor-widget-container\">\n\t\t\t\t\t\t\t\t\t\n<p><span style=\"color: #1a1a1a;\">En atenci\u00f3n a la invitaci\u00f3n por parte del <strong>Instituto Municipal de las Mujeres del Municipio de Quer\u00e9taro, <\/strong>los d\u00edas 26 y 27 de agosto de 2019, se llev\u00f3 a cabo <strong>la Capacitaci\u00f3n sobre Presupuestos P\u00fablicos con Perspectiva de G\u00e9nero.<\/strong> Asisti\u00f3 a dicha capacitaci\u00f3n representando al Poder Judicial del Estado de Quer\u00e9taro, la Jefa de la Unidad de Derechos Humanos e Igualdad de G\u00e9nero.<\/span><\/p>\n<p><span style=\"color: #1a1a1a;\"><\/span><\/p>\n<p><span style=\"color: #1a1a1a;\">Fue presidida por el ponente Ignacio Hern\u00e1ndez Montoya, quien resalto la importancia de incluir acciones que contribuyan a disminuir las brechas de desigualdad entre mujeres y hombres. El tema abordado sugiere que las diversas dependencias gubernamentales pueden a trav\u00e9s de sus acciones disminuir las brechas de desigualdad entre mujeres y hombres. \u00a0<\/span><\/p>\n\n<p><div id=\"envira-gallery-wrap-120\" class=\"envira-gallery-wrap envira-gallery-theme-base envira-lightbox-theme-base\" itemscope itemtype=\"https:\/\/schema.org\/ImageGallery\"><div data-row-height=\"\" data-gallery-theme=\"\" id=\"envira-gallery-120\" class=\"envira-gallery-public  envira-gallery-1-columns envira-clear enviratope envira-gallery-css-animations\" data-envira-columns=\"1\"><div id=\"envira-gallery-item-121\" class=\"envira-gallery-item enviratope-item envira-gallery-item-1 envira-lazy-load\" style=\"padding-left: 5px; padding-bottom: 10px; padding-right: 5px;\"  itemscope itemtype=\"https:\/\/schema.org\/ImageObject\"><div class=\"envira-gallery-item-inner\"><div class=\"envira-gallery-position-overlay  envira-gallery-top-left\"><\/div><div class=\"envira-gallery-position-overlay  envira-gallery-top-right\"><\/div><div class=\"envira-gallery-position-overlay  envira-gallery-bottom-left\"><\/div><div class=\"envira-gallery-position-overlay  envira-gallery-bottom-right\"><\/div><a href=\"https:\/\/uigtsj.tribunalqro.gob.mx\/wp-content\/uploads\/2020\/02\/Capacitacion-Presupuestos-30-Ago-19.jpeg\" class=\"envira-gallery-120 envira-gallery-link\" rel=\"enviragallery120\" title=\"Capacitacion Presupuestos 30 Ago 19\" data-envira-caption=\"Capacitacion Presupuestos 30 Ago 19\" data-envira-retina=\"\" data-thumbnail=\"\"  itemprop=\"contentUrl\"><div class=\"envira-lazy\" data-test-width=\"640\" data-test-height=\"480\" style=\"padding-bottom:75%;\"><img decoding=\"async\" id=\"envira-gallery-image-121\" class=\"envira-gallery-image envira-gallery-image-1\" data-envira-index=\"1\" src=\"https:\/\/uigtsj.poderjudicialqro.gob.mx\/wp-content\/uploads\/2020\/02\/Capacitacion-Presupuestos-30-Ago-19-640x480.jpeg\" data-envira-src=\"https:\/\/uigtsj.poderjudicialqro.gob.mx\/wp-content\/uploads\/2020\/02\/Capacitacion-Presupuestos-30-Ago-19-640x480.jpeg\" data-envira-gallery-id=\"120\" data-envira-item-id=\"121\" data-envira-caption=\"Capacitacion Presupuestos 30 Ago 19\" alt=\"\" title=\"Capacitacion Presupuestos 30 Ago 19\"  itemprop=\"thumbnailUrl\" data-envira-srcset=\"https:\/\/uigtsj.poderjudicialqro.gob.mx\/wp-content\/uploads\/2020\/02\/Capacitacion-Presupuestos-30-Ago-19-640x480.jpeg 400w,https:\/\/uigtsj.poderjudicialqro.gob.mx\/wp-content\/uploads\/2020\/02\/Capacitacion-Presupuestos-30-Ago-19-640x480.jpeg 2x\" srcset=\"data:image\/gif;base64,R0lGODlhAQABAIAAAP\/\/\/\/\/\/\/yH5BAEKAAEALAAAAAABAAEAAAICTAEAOw==\" \/><\/div><\/a><\/div><\/div><\/div><\/div><noscript><img decoding=\"async\" src=\"https:\/\/uigtsj.poderjudicialqro.gob.mx\/wp-content\/uploads\/2020\/02\/Capacitacion-Presupuestos-30-Ago-19.jpeg\" alt=\"\" \/><\/noscript><\/p>\n\t\t\t\t\t\t\t\t<\/div>\n\t\t\t\t<\/div>\n\t\t\t\t\t<\/div>\n\t\t<\/div>\n\t\t\t\t\t<\/div>\n\t\t<\/section>\n\t\t\t\t<\/div>\n\t\t","protected":false},"excerpt":{"rendered":"<p>En atenci\u00f3n a la invitaci\u00f3n por parte del Instituto Municipal de las Mujeres del Municipio de Quer\u00e9taro, los d\u00edas 26 y 27 de agosto de 2019, se llev\u00f3 a cabo la Capacitaci\u00f3n sobre Presupuestos P\u00fablicos con Perspectiva de G\u00e9nero. Asisti\u00f3 a dicha capacitaci\u00f3n representando al Poder Judicial del Estado de Quer\u00e9taro, la Jefa de la &#8230; <a title=\"Capacitaci\u00f3n sobre Presupuestos P\u00fablicos con Perspectiva de G\u00e9nero\" class=\"read-more\" href=\"https:\/\/uigtsj.poderjudicialqro.gob.mx\/index.php\/2019\/08\/30\/capacitacion-sobre-presupuestos-publicos-con-perspectiva-de-genero\/\" aria-label=\"Leer m\u00e1s sobre Capacitaci\u00f3n sobre Presupuestos P\u00fablicos con Perspectiva de G\u00e9nero\">Leer m\u00e1s<\/a><\/p>\n","protected":false},"author":1,"featured_media":0,"comment_status":"closed","ping_status":"open","sticky":false,"template":"","format":"standard","meta":{"footnotes":""},"categories":[4],"tags":[],"class_list":["post-118","post","type-post","status-publish","format-standard","hentry","category-cursos"],"_links":{"self":[{"href":"https:\/\/uigtsj.poderjudicialqro.gob.mx\/index.php\/wp-json\/wp\/v2\/posts\/118","targetHints":{"allow":["GET"]}}],"collection":[{"href":"https:\/\/uigtsj.poderjudicialqro.gob.mx\/index.php\/wp-json\/wp\/v2\/posts"}],"about":[{"href":"https:\/\/uigtsj.poderjudicialqro.gob.mx\/index.php\/wp-json\/wp\/v2\/types\/post"}],"author":[{"embeddable":true,"href":"https:\/\/uigtsj.poderjudicialqro.gob.mx\/index.php\/wp-json\/wp\/v2\/users\/1"}],"replies":[{"embeddable":true,"href":"https:\/\/uigtsj.poderjudicialqro.gob.mx\/index.php\/wp-json\/wp\/v2\/comments?post=118"}],"version-history":[{"count":7,"href":"https:\/\/uigtsj.poderjudicialqro.gob.mx\/index.php\/wp-json\/wp\/v2\/posts\/118\/revisions"}],"predecessor-version":[{"id":5873,"href":"https:\/\/uigtsj.poderjudicialqro.gob.mx\/index.php\/wp-json\/wp\/v2\/posts\/118\/revisions\/5873"}],"wp:attachment":[{"href":"https:\/\/uigtsj.poderjudicialqro.gob.mx\/index.php\/wp-json\/wp\/v2\/media?parent=118"}],"wp:term":[{"taxonomy":"category","embeddable":true,"href":"https:\/\/uigtsj.poderjudicialqro.gob.mx\/index.php\/wp-json\/wp\/v2\/categories?post=118"},{"taxonomy":"post_tag","embeddable":true,"href":"https:\/\/uigtsj.poderjudicialqro.gob.mx\/index.php\/wp-json\/wp\/v2\/tags?post=118"}],"curies":[{"name":"wp","href":"https:\/\/api.w.org\/{rel}","templated":true}]}}