{"id":133,"date":"2019-09-10T11:27:34","date_gmt":"2019-09-10T11:27:34","guid":{"rendered":"http:\/\/10.40.3.74\/uig\/wordpress\/?p=133"},"modified":"2024-12-02T15:08:42","modified_gmt":"2024-12-02T21:08:42","slug":"platica-del-instituto-municipal-de-la-mujer-del-municipio-de-queretaro","status":"publish","type":"post","link":"https:\/\/uigtsj.poderjudicialqro.gob.mx\/index.php\/2019\/09\/10\/platica-del-instituto-municipal-de-la-mujer-del-municipio-de-queretaro\/","title":{"rendered":"Pl\u00e1tica del Instituto Municipal de la Mujer del Municipio de Quer\u00e9taro"},"content":{"rendered":"\t\t<div data-elementor-type=\"wp-post\" data-elementor-id=\"133\" class=\"elementor elementor-133\">\n\t\t\t\t\t\t<section class=\"elementor-section elementor-top-section elementor-element elementor-element-4744cd55 elementor-section-boxed elementor-section-height-default elementor-section-height-default\" data-id=\"4744cd55\" data-element_type=\"section\" data-e-type=\"section\">\n\t\t\t\t\t\t<div class=\"elementor-container elementor-column-gap-default\">\n\t\t\t\t\t<div class=\"elementor-column elementor-col-100 elementor-top-column elementor-element elementor-element-7d450433\" data-id=\"7d450433\" data-element_type=\"column\" data-e-type=\"column\">\n\t\t\t<div class=\"elementor-widget-wrap elementor-element-populated\">\n\t\t\t\t\t\t<div class=\"elementor-element elementor-element-17a41a62 elementor-widget elementor-widget-text-editor\" data-id=\"17a41a62\" data-element_type=\"widget\" data-e-type=\"widget\" data-widget_type=\"text-editor.default\">\n\t\t\t\t<div class=\"elementor-widget-container\">\n\t\t\t\t\t\t\t\t\t\n<p><span style=\"color: #1a1a1a;\">En base con el compromiso adquirido con el Instituto Municipal de las Mujeres del Municipio de Quer\u00e9taro, el d\u00eda 10 de septiembre del a\u00f1o en curso la Unidad de Derechos Humanos e Igualdad de G\u00e9nero del Poder Judicial imparti\u00f3 la pl\u00e1tica sobre las actividades y funciones de los orientadores jur\u00eddicos, y la operatividad de la canalizaci\u00f3n de las \u00f3rdenes de protecci\u00f3n y medidas urgentes en materia familiar.<\/span><\/p>\n<p><span style=\"color: #1a1a1a;\"><\/span><\/p>\n<p><span style=\"color: #1a1a1a;\">En la misma sesi\u00f3n de trabajo particip\u00f3 la Coordinadora del Centro de Justicia para las Mujeres y la Jefa del Departamento de Locatel y Enlace Operativo del Programa Alerta Amber.<\/span><\/p>\n\n<p><div id=\"envira-gallery-wrap-135\" class=\"envira-gallery-wrap envira-gallery-theme-base envira-lightbox-theme-base\" itemscope itemtype=\"https:\/\/schema.org\/ImageGallery\"><div data-row-height=\"\" data-gallery-theme=\"\" id=\"envira-gallery-135\" class=\"envira-gallery-public  envira-gallery-1-columns envira-clear enviratope envira-gallery-css-animations\" data-envira-columns=\"1\"><div id=\"envira-gallery-item-136\" class=\"envira-gallery-item enviratope-item envira-gallery-item-1 envira-lazy-load\" style=\"padding-left: 5px; padding-bottom: 10px; padding-right: 5px;\"  itemscope itemtype=\"https:\/\/schema.org\/ImageObject\"><div class=\"envira-gallery-item-inner\"><div class=\"envira-gallery-position-overlay  envira-gallery-top-left\"><\/div><div class=\"envira-gallery-position-overlay  envira-gallery-top-right\"><\/div><div class=\"envira-gallery-position-overlay  envira-gallery-bottom-left\"><\/div><div class=\"envira-gallery-position-overlay  envira-gallery-bottom-right\"><\/div><a href=\"https:\/\/uigtsj.tribunalqro.gob.mx\/wp-content\/uploads\/2020\/02\/Pl\u00e1tica-IM-10-Sep-19.jpeg\" class=\"envira-gallery-135 envira-gallery-link\" rel=\"enviragallery135\" title=\"Pl&aacute;tica IM 10 Sep 19\" data-envira-caption=\"Pl&aacute;tica IM 10 Sep 19\" data-envira-retina=\"\" data-thumbnail=\"\"  itemprop=\"contentUrl\"><div class=\"envira-lazy\" data-test-width=\"640\" data-test-height=\"480\" style=\"padding-bottom:75%;\"><img decoding=\"async\" id=\"envira-gallery-image-136\" class=\"envira-gallery-image envira-gallery-image-1\" data-envira-index=\"1\" src=\"https:\/\/uigtsj.poderjudicialqro.gob.mx\/wp-content\/uploads\/2020\/02\/Pl\u00e1tica-IM-10-Sep-19-1024x657-640x480.jpeg\" data-envira-src=\"https:\/\/uigtsj.poderjudicialqro.gob.mx\/wp-content\/uploads\/2020\/02\/Pl\u00e1tica-IM-10-Sep-19-1024x657-640x480.jpeg\" data-envira-gallery-id=\"135\" data-envira-item-id=\"136\" data-envira-caption=\"Pl&aacute;tica IM 10 Sep 19\" alt=\"\" title=\"Pl&amp;aacute;tica IM 10 Sep 19\"  itemprop=\"thumbnailUrl\" data-envira-srcset=\"https:\/\/uigtsj.poderjudicialqro.gob.mx\/wp-content\/uploads\/2020\/02\/Pl\u00e1tica-IM-10-Sep-19-1024x657-640x480.jpeg 400w,https:\/\/uigtsj.poderjudicialqro.gob.mx\/wp-content\/uploads\/2020\/02\/Pl\u00e1tica-IM-10-Sep-19-1024x657-640x480.jpeg 2x\" srcset=\"data:image\/gif;base64,R0lGODlhAQABAIAAAP\/\/\/\/\/\/\/yH5BAEKAAEALAAAAAABAAEAAAICTAEAOw==\" \/><\/div><\/a><\/div><\/div><\/div><\/div><noscript><img decoding=\"async\" src=\"https:\/\/uigtsj.poderjudicialqro.gob.mx\/wp-content\/uploads\/2020\/02\/Pl\u00e1tica-IM-10-Sep-19.jpeg\" alt=\"\" \/><\/noscript><\/p>\n\t\t\t\t\t\t\t\t<\/div>\n\t\t\t\t<\/div>\n\t\t\t\t\t<\/div>\n\t\t<\/div>\n\t\t\t\t\t<\/div>\n\t\t<\/section>\n\t\t\t\t<\/div>\n\t\t","protected":false},"excerpt":{"rendered":"<p>En base con el compromiso adquirido con el Instituto Municipal de las Mujeres del Municipio de Quer\u00e9taro, el d\u00eda 10 de septiembre del a\u00f1o en curso la Unidad de Derechos Humanos e Igualdad de G\u00e9nero del Poder Judicial imparti\u00f3 la pl\u00e1tica sobre las actividades y funciones de los orientadores jur\u00eddicos, y la operatividad de la &#8230; <a title=\"Pl\u00e1tica del Instituto Municipal de la Mujer del Municipio de Quer\u00e9taro\" class=\"read-more\" href=\"https:\/\/uigtsj.poderjudicialqro.gob.mx\/index.php\/2019\/09\/10\/platica-del-instituto-municipal-de-la-mujer-del-municipio-de-queretaro\/\" aria-label=\"Leer m\u00e1s sobre Pl\u00e1tica del Instituto Municipal de la Mujer del Municipio de Quer\u00e9taro\">Leer m\u00e1s<\/a><\/p>\n","protected":false},"author":1,"featured_media":0,"comment_status":"closed","ping_status":"open","sticky":false,"template":"","format":"standard","meta":{"footnotes":""},"categories":[8],"tags":[],"class_list":["post-133","post","type-post","status-publish","format-standard","hentry","category-platica-informativa"],"_links":{"self":[{"href":"https:\/\/uigtsj.poderjudicialqro.gob.mx\/index.php\/wp-json\/wp\/v2\/posts\/133","targetHints":{"allow":["GET"]}}],"collection":[{"href":"https:\/\/uigtsj.poderjudicialqro.gob.mx\/index.php\/wp-json\/wp\/v2\/posts"}],"about":[{"href":"https:\/\/uigtsj.poderjudicialqro.gob.mx\/index.php\/wp-json\/wp\/v2\/types\/post"}],"author":[{"embeddable":true,"href":"https:\/\/uigtsj.poderjudicialqro.gob.mx\/index.php\/wp-json\/wp\/v2\/users\/1"}],"replies":[{"embeddable":true,"href":"https:\/\/uigtsj.poderjudicialqro.gob.mx\/index.php\/wp-json\/wp\/v2\/comments?post=133"}],"version-history":[{"count":6,"href":"https:\/\/uigtsj.poderjudicialqro.gob.mx\/index.php\/wp-json\/wp\/v2\/posts\/133\/revisions"}],"predecessor-version":[{"id":5879,"href":"https:\/\/uigtsj.poderjudicialqro.gob.mx\/index.php\/wp-json\/wp\/v2\/posts\/133\/revisions\/5879"}],"wp:attachment":[{"href":"https:\/\/uigtsj.poderjudicialqro.gob.mx\/index.php\/wp-json\/wp\/v2\/media?parent=133"}],"wp:term":[{"taxonomy":"category","embeddable":true,"href":"https:\/\/uigtsj.poderjudicialqro.gob.mx\/index.php\/wp-json\/wp\/v2\/categories?post=133"},{"taxonomy":"post_tag","embeddable":true,"href":"https:\/\/uigtsj.poderjudicialqro.gob.mx\/index.php\/wp-json\/wp\/v2\/tags?post=133"}],"curies":[{"name":"wp","href":"https:\/\/api.w.org\/{rel}","templated":true}]}}