{"id":138,"date":"2019-10-09T12:34:00","date_gmt":"2019-10-09T12:34:00","guid":{"rendered":"http:\/\/10.40.3.74\/uig\/wordpress\/?p=138"},"modified":"2024-12-02T15:09:47","modified_gmt":"2024-12-02T21:09:47","slug":"platica-al-personal-adscrito-a-la-oficina-de-la-regidora-sindica-del-mpio-de-queretaro","status":"publish","type":"post","link":"https:\/\/uigtsj.poderjudicialqro.gob.mx\/index.php\/2019\/10\/09\/platica-al-personal-adscrito-a-la-oficina-de-la-regidora-sindica-del-mpio-de-queretaro\/","title":{"rendered":"Pl\u00e1tica al personal adscrito a la Oficina de la Regidora Sindica del Mpio. de Quer\u00e9taro"},"content":{"rendered":"\t\t<div data-elementor-type=\"wp-post\" data-elementor-id=\"138\" class=\"elementor elementor-138\">\n\t\t\t\t\t\t<section class=\"elementor-section elementor-top-section elementor-element elementor-element-587c97bf elementor-section-boxed elementor-section-height-default elementor-section-height-default\" data-id=\"587c97bf\" data-element_type=\"section\" data-e-type=\"section\">\n\t\t\t\t\t\t<div class=\"elementor-container elementor-column-gap-default\">\n\t\t\t\t\t<div class=\"elementor-column elementor-col-100 elementor-top-column elementor-element elementor-element-64591f41\" data-id=\"64591f41\" data-element_type=\"column\" data-e-type=\"column\">\n\t\t\t<div class=\"elementor-widget-wrap elementor-element-populated\">\n\t\t\t\t\t\t<div class=\"elementor-element elementor-element-7adae4d7 elementor-widget elementor-widget-text-editor\" data-id=\"7adae4d7\" data-element_type=\"widget\" data-e-type=\"widget\" data-widget_type=\"text-editor.default\">\n\t\t\t\t<div class=\"elementor-widget-container\">\n\t\t\t\t\t\t\t\t\t\n<p><span style=\"color: #1a1a1a;\">En base con el compromiso adquirido con la Regidora Sindica del Municipio de Quer\u00e9taro, Dulce Imelda Ventura Rend\u00f3n, el d\u00eda 22 de agosto del a\u00f1o en curso la Unidad de Derechos Humanos e Igualdad de G\u00e9nero del Poder Judicial imparti\u00f3 al personal de dicha funcionaria la pl\u00e1tica sobre las actividades y funciones de los orientadores jur\u00eddicos, y la operatividad para la canalizaci\u00f3n de las \u00f3rdenes de protecci\u00f3n y medidas urgentes en materia familiar.<\/span><\/p>\n<p><span style=\"color: #1a1a1a;\"><\/span><\/p>\n<p><span style=\"color: #1a1a1a;\">En la misma sesi\u00f3n de trabajo particip\u00f3 la Coordinadora del Centro de Justicia para las Mujeres y el Fiscal Coordinador del Protocolo Alba adscrito a la Fiscal\u00eda General del Estado.<\/span><\/p>\n\n<p><div id=\"envira-gallery-wrap-140\" class=\"envira-gallery-wrap envira-gallery-theme-base envira-lightbox-theme-base\" itemscope itemtype=\"https:\/\/schema.org\/ImageGallery\"><div data-row-height=\"\" data-gallery-theme=\"\" id=\"envira-gallery-140\" class=\"envira-gallery-public  envira-gallery-1-columns envira-clear enviratope envira-gallery-css-animations\" data-envira-columns=\"1\"><div id=\"envira-gallery-item-141\" class=\"envira-gallery-item enviratope-item envira-gallery-item-1 envira-lazy-load\" style=\"padding-left: 5px; padding-bottom: 10px; padding-right: 5px;\"  itemscope itemtype=\"https:\/\/schema.org\/ImageObject\"><div class=\"envira-gallery-item-inner\"><div class=\"envira-gallery-position-overlay  envira-gallery-top-left\"><\/div><div class=\"envira-gallery-position-overlay  envira-gallery-top-right\"><\/div><div class=\"envira-gallery-position-overlay  envira-gallery-bottom-left\"><\/div><div class=\"envira-gallery-position-overlay  envira-gallery-bottom-right\"><\/div><a href=\"https:\/\/uigtsj.tribunalqro.gob.mx\/wp-content\/uploads\/2020\/02\/8Octubre2019.jpg\" class=\"envira-gallery-140 envira-gallery-link\" rel=\"enviragallery140\" title=\"8Octubre2019\" data-envira-caption=\"8Octubre2019\" data-envira-retina=\"\" data-thumbnail=\"\"  itemprop=\"contentUrl\"><div class=\"envira-lazy\" data-test-width=\"640\" data-test-height=\"480\" style=\"padding-bottom:75%;\"><img decoding=\"async\" id=\"envira-gallery-image-141\" class=\"envira-gallery-image envira-gallery-image-1\" data-envira-index=\"1\" src=\"https:\/\/uigtsj.poderjudicialqro.gob.mx\/wp-content\/uploads\/2020\/02\/8Octubre2019-640x480.jpg\" data-envira-src=\"https:\/\/uigtsj.poderjudicialqro.gob.mx\/wp-content\/uploads\/2020\/02\/8Octubre2019-640x480.jpg\" data-envira-gallery-id=\"140\" data-envira-item-id=\"141\" data-envira-caption=\"8Octubre2019\" alt=\"\" title=\"8Octubre2019\"  itemprop=\"thumbnailUrl\" data-envira-srcset=\"https:\/\/uigtsj.poderjudicialqro.gob.mx\/wp-content\/uploads\/2020\/02\/8Octubre2019-640x480.jpg 400w,https:\/\/uigtsj.poderjudicialqro.gob.mx\/wp-content\/uploads\/2020\/02\/8Octubre2019-640x480.jpg 2x\" srcset=\"data:image\/gif;base64,R0lGODlhAQABAIAAAP\/\/\/\/\/\/\/yH5BAEKAAEALAAAAAABAAEAAAICTAEAOw==\" \/><\/div><\/a><\/div><\/div><\/div><\/div><noscript><img decoding=\"async\" src=\"https:\/\/uigtsj.poderjudicialqro.gob.mx\/wp-content\/uploads\/2020\/02\/8Octubre2019.jpg\" alt=\"\" \/><\/noscript><\/p>\n\t\t\t\t\t\t\t\t<\/div>\n\t\t\t\t<\/div>\n\t\t\t\t\t<\/div>\n\t\t<\/div>\n\t\t\t\t\t<\/div>\n\t\t<\/section>\n\t\t\t\t<\/div>\n\t\t","protected":false},"excerpt":{"rendered":"<p>En base con el compromiso adquirido con la Regidora Sindica del Municipio de Quer\u00e9taro, Dulce Imelda Ventura Rend\u00f3n, el d\u00eda 22 de agosto del a\u00f1o en curso la Unidad de Derechos Humanos e Igualdad de G\u00e9nero del Poder Judicial imparti\u00f3 al personal de dicha funcionaria la pl\u00e1tica sobre las actividades y funciones de los orientadores &#8230; <a title=\"Pl\u00e1tica al personal adscrito a la Oficina de la Regidora Sindica del Mpio. de Quer\u00e9taro\" class=\"read-more\" href=\"https:\/\/uigtsj.poderjudicialqro.gob.mx\/index.php\/2019\/10\/09\/platica-al-personal-adscrito-a-la-oficina-de-la-regidora-sindica-del-mpio-de-queretaro\/\" aria-label=\"Leer m\u00e1s sobre Pl\u00e1tica al personal adscrito a la Oficina de la Regidora Sindica del Mpio. de Quer\u00e9taro\">Leer m\u00e1s<\/a><\/p>\n","protected":false},"author":1,"featured_media":0,"comment_status":"closed","ping_status":"open","sticky":false,"template":"","format":"standard","meta":{"footnotes":""},"categories":[8],"tags":[],"class_list":["post-138","post","type-post","status-publish","format-standard","hentry","category-platica-informativa"],"_links":{"self":[{"href":"https:\/\/uigtsj.poderjudicialqro.gob.mx\/index.php\/wp-json\/wp\/v2\/posts\/138","targetHints":{"allow":["GET"]}}],"collection":[{"href":"https:\/\/uigtsj.poderjudicialqro.gob.mx\/index.php\/wp-json\/wp\/v2\/posts"}],"about":[{"href":"https:\/\/uigtsj.poderjudicialqro.gob.mx\/index.php\/wp-json\/wp\/v2\/types\/post"}],"author":[{"embeddable":true,"href":"https:\/\/uigtsj.poderjudicialqro.gob.mx\/index.php\/wp-json\/wp\/v2\/users\/1"}],"replies":[{"embeddable":true,"href":"https:\/\/uigtsj.poderjudicialqro.gob.mx\/index.php\/wp-json\/wp\/v2\/comments?post=138"}],"version-history":[{"count":6,"href":"https:\/\/uigtsj.poderjudicialqro.gob.mx\/index.php\/wp-json\/wp\/v2\/posts\/138\/revisions"}],"predecessor-version":[{"id":5882,"href":"https:\/\/uigtsj.poderjudicialqro.gob.mx\/index.php\/wp-json\/wp\/v2\/posts\/138\/revisions\/5882"}],"wp:attachment":[{"href":"https:\/\/uigtsj.poderjudicialqro.gob.mx\/index.php\/wp-json\/wp\/v2\/media?parent=138"}],"wp:term":[{"taxonomy":"category","embeddable":true,"href":"https:\/\/uigtsj.poderjudicialqro.gob.mx\/index.php\/wp-json\/wp\/v2\/categories?post=138"},{"taxonomy":"post_tag","embeddable":true,"href":"https:\/\/uigtsj.poderjudicialqro.gob.mx\/index.php\/wp-json\/wp\/v2\/tags?post=138"}],"curies":[{"name":"wp","href":"https:\/\/api.w.org\/{rel}","templated":true}]}}