{"id":1890,"date":"2022-12-09T10:50:58","date_gmt":"2022-12-09T16:50:58","guid":{"rendered":"https:\/\/uigtsj.tribunalqro.gob.mx\/?p=1890"},"modified":"2024-12-04T10:06:16","modified_gmt":"2024-12-04T16:06:16","slug":"10-de-diciembre-dia-internacional-de-los-derechos-humanos","status":"publish","type":"post","link":"https:\/\/uigtsj.poderjudicialqro.gob.mx\/index.php\/2022\/12\/09\/10-de-diciembre-dia-internacional-de-los-derechos-humanos\/","title":{"rendered":"10 de diciembre &#8211; D\u00eda Internacional de los Derechos Humanos"},"content":{"rendered":"\t\t<div data-elementor-type=\"wp-post\" data-elementor-id=\"1890\" class=\"elementor elementor-1890\">\n\t\t\t\t\t\t<section class=\"elementor-section elementor-top-section elementor-element elementor-element-d881899 elementor-section-boxed elementor-section-height-default elementor-section-height-default\" data-id=\"d881899\" data-element_type=\"section\" data-e-type=\"section\">\n\t\t\t\t\t\t<div class=\"elementor-container elementor-column-gap-default\">\n\t\t\t\t\t<div class=\"elementor-column elementor-col-100 elementor-top-column elementor-element elementor-element-1cb2f3cb\" data-id=\"1cb2f3cb\" data-element_type=\"column\" data-e-type=\"column\">\n\t\t\t<div class=\"elementor-widget-wrap elementor-element-populated\">\n\t\t\t\t\t\t<div class=\"elementor-element elementor-element-acca310 elementor-widget elementor-widget-text-editor\" data-id=\"acca310\" data-element_type=\"widget\" data-e-type=\"widget\" data-widget_type=\"text-editor.default\">\n\t\t\t\t<div class=\"elementor-widget-container\">\n\t\t\t\t\t\t\t\t\t\n<figure class=\"wp-block-image size-large\"><img fetchpriority=\"high\" decoding=\"async\" width=\"1024\" height=\"273\" class=\"wp-image-1887\" src=\"https:\/\/uigtsj.tribunalqro.gob.mx\/wp-content\/uploads\/2022\/12\/diaInternacioDH-1024x273.png\" alt=\"\" srcset=\"https:\/\/uigtsj.poderjudicialqro.gob.mx\/wp-content\/uploads\/2022\/12\/diaInternacioDH-1024x273.png 1024w, https:\/\/uigtsj.poderjudicialqro.gob.mx\/wp-content\/uploads\/2022\/12\/diaInternacioDH-300x80.png 300w, https:\/\/uigtsj.poderjudicialqro.gob.mx\/wp-content\/uploads\/2022\/12\/diaInternacioDH-768x205.png 768w, https:\/\/uigtsj.poderjudicialqro.gob.mx\/wp-content\/uploads\/2022\/12\/diaInternacioDH.png 1380w\" sizes=\"(max-width: 1024px) 100vw, 1024px\" \/><\/figure>\n<p>\u00a0<\/p>\n\n<p><span style=\"color: #1a1a1a;\">La comunidad internacional celebra el D\u00eda de los Derechos Humanos el 10 de diciembre de cada a\u00f1o. El mismo d\u00eda que, en 1948, la Asamblea General de las Naciones Unidas adopt\u00f3 la Declaraci\u00f3n Universal de los Derechos Humanos.<\/span><\/p>\n<p><span style=\"color: #1a1a1a;\"><\/span><\/p>\n<p><span style=\"color: #1a1a1a;\">La creaci\u00f3n oficial del D\u00eda de los Derechos Humanos se produjo en 1950, en virtud de la Resoluci\u00f3n 423 (V) de la Asamblea General, en la cual se invit\u00f3 a todos los Estados y organizaciones interesados a que adoptaran el 10 de diciembre como D\u00eda de los Derechos Humanos.<\/span><\/p>\n<p><span style=\"color: #1a1a1a;\"><\/span><\/p>\n<p><span style=\"color: #1a1a1a;\">Cuando la Asamblea General la aprob\u00f3 la Declaraci\u00f3n, la proclam\u00f3 como \u00abnorma com\u00fan de conducta para todos los pueblos y naciones\u00bb, hacia la cual los individuos y las sociedades deb\u00edan \u00abesforzarse por adoptar medidas progresivas, nacionales e internacionales, para lograr su reconocimiento y observancia universales y efectivos\u00bb.<\/span><\/p>\n<p><span style=\"color: #1a1a1a;\"><\/span><\/p>\n<p><span style=\"color: #1a1a1a;\">La Declaraci\u00f3n Universal de Derechos Humanos establece una amplia gama de derechos y libertades fundamentales a los que todos tenemos derecho. Garantiza los derechos de todas las personas en cualquier lugar, sin distinci\u00f3n de nacionalidad, lugar de residencia, sexo, origen nacional o \u00e9tnico, religi\u00f3n, lengua o cualquier otra condici\u00f3n.<\/span><\/p>\n\t\t\t\t\t\t\t\t<\/div>\n\t\t\t\t<\/div>\n\t\t\t\t\t<\/div>\n\t\t<\/div>\n\t\t\t\t\t<\/div>\n\t\t<\/section>\n\t\t\t\t<\/div>\n\t\t","protected":false},"excerpt":{"rendered":"<p>La comunidad internacional celebra el D\u00eda de los Derechos Humanos el 10 de diciembre de cada a\u00f1o. El mismo d\u00eda que, en 1948, la Asamblea General de las Naciones Unidas adopt\u00f3 la Declaraci\u00f3n Universal de los Derechos Humanos. La creaci\u00f3n oficial del D\u00eda de los Derechos Humanos se produjo en 1950, en virtud de la &#8230; <a title=\"10 de diciembre &#8211; D\u00eda Internacional de los Derechos Humanos\" class=\"read-more\" href=\"https:\/\/uigtsj.poderjudicialqro.gob.mx\/index.php\/2022\/12\/09\/10-de-diciembre-dia-internacional-de-los-derechos-humanos\/\" aria-label=\"Leer m\u00e1s sobre 10 de diciembre &#8211; D\u00eda Internacional de los Derechos Humanos\">Leer m\u00e1s<\/a><\/p>\n","protected":false},"author":1,"featured_media":0,"comment_status":"closed","ping_status":"open","sticky":false,"template":"","format":"standard","meta":{"footnotes":""},"categories":[6],"tags":[],"class_list":["post-1890","post","type-post","status-publish","format-standard","hentry","category-informacion"],"_links":{"self":[{"href":"https:\/\/uigtsj.poderjudicialqro.gob.mx\/index.php\/wp-json\/wp\/v2\/posts\/1890","targetHints":{"allow":["GET"]}}],"collection":[{"href":"https:\/\/uigtsj.poderjudicialqro.gob.mx\/index.php\/wp-json\/wp\/v2\/posts"}],"about":[{"href":"https:\/\/uigtsj.poderjudicialqro.gob.mx\/index.php\/wp-json\/wp\/v2\/types\/post"}],"author":[{"embeddable":true,"href":"https:\/\/uigtsj.poderjudicialqro.gob.mx\/index.php\/wp-json\/wp\/v2\/users\/1"}],"replies":[{"embeddable":true,"href":"https:\/\/uigtsj.poderjudicialqro.gob.mx\/index.php\/wp-json\/wp\/v2\/comments?post=1890"}],"version-history":[{"count":4,"href":"https:\/\/uigtsj.poderjudicialqro.gob.mx\/index.php\/wp-json\/wp\/v2\/posts\/1890\/revisions"}],"predecessor-version":[{"id":6030,"href":"https:\/\/uigtsj.poderjudicialqro.gob.mx\/index.php\/wp-json\/wp\/v2\/posts\/1890\/revisions\/6030"}],"wp:attachment":[{"href":"https:\/\/uigtsj.poderjudicialqro.gob.mx\/index.php\/wp-json\/wp\/v2\/media?parent=1890"}],"wp:term":[{"taxonomy":"category","embeddable":true,"href":"https:\/\/uigtsj.poderjudicialqro.gob.mx\/index.php\/wp-json\/wp\/v2\/categories?post=1890"},{"taxonomy":"post_tag","embeddable":true,"href":"https:\/\/uigtsj.poderjudicialqro.gob.mx\/index.php\/wp-json\/wp\/v2\/tags?post=1890"}],"curies":[{"name":"wp","href":"https:\/\/api.w.org\/{rel}","templated":true}]}}