{"id":658,"date":"2021-05-04T09:53:00","date_gmt":"2021-05-04T15:53:00","guid":{"rendered":"https:\/\/uigtsj.tribunalqro.gob.mx\/?p=658"},"modified":"2024-12-02T15:33:04","modified_gmt":"2024-12-02T21:33:04","slug":"haciendo-realidad-el-derecho-a-la-igualdad","status":"publish","type":"post","link":"https:\/\/uigtsj.poderjudicialqro.gob.mx\/index.php\/2021\/05\/04\/haciendo-realidad-el-derecho-a-la-igualdad\/","title":{"rendered":"Videoconferencia \u00abHaciendo realidad el Derecho a la Igualdad\u00bb"},"content":{"rendered":"\t\t<div data-elementor-type=\"wp-post\" data-elementor-id=\"658\" class=\"elementor elementor-658\">\n\t\t\t\t\t\t<section class=\"elementor-section elementor-top-section elementor-element elementor-element-2ddd7e48 elementor-section-boxed elementor-section-height-default elementor-section-height-default\" data-id=\"2ddd7e48\" data-element_type=\"section\" data-e-type=\"section\">\n\t\t\t\t\t\t<div class=\"elementor-container elementor-column-gap-default\">\n\t\t\t\t\t<div class=\"elementor-column elementor-col-100 elementor-top-column elementor-element elementor-element-190995c6\" data-id=\"190995c6\" data-element_type=\"column\" data-e-type=\"column\">\n\t\t\t<div class=\"elementor-widget-wrap elementor-element-populated\">\n\t\t\t\t\t\t<div class=\"elementor-element elementor-element-768e746f elementor-widget elementor-widget-text-editor\" data-id=\"768e746f\" data-element_type=\"widget\" data-e-type=\"widget\" data-widget_type=\"text-editor.default\">\n\t\t\t\t<div class=\"elementor-widget-container\">\n\t\t\t\t\t\t\t\t\t\n<p><span style=\"color: #1a1a1a;\">Hoy iniciamos con el ciclo de videoconferencias a cargo de la <strong>Dra. Myrna Elia Garc\u00eda Barrera<\/strong>, Coordinadora de la Unidad de Prevenci\u00f3n, Investigaci\u00f3n y combate de la Violencia de G\u00e9nero en el Poder Judicial de Nuevo Le\u00f3n, en el que se abordaron temas sobre:<\/span><\/p>\n<p><span style=\"color: #1a1a1a;\"><\/span><\/p>\n<ul class=\"wp-block-list\">\n<li><span style=\"color: #1a1a1a;\">Derechos Humanos<\/span><\/li>\n<li><span style=\"color: #1a1a1a;\">Discriminaci\u00f3n<\/span><\/li>\n<li><span style=\"color: #1a1a1a;\">Categor\u00edas protegidas antes sospechosas<\/span><\/li>\n<li><span style=\"color: #1a1a1a;\">Igualdad Sustantiva<\/span><\/li>\n<li><span style=\"color: #1a1a1a;\">Diversidad Sexual<\/span><\/li>\n<li><span style=\"color: #1a1a1a;\">Protocolo para la impartici\u00f3n de Justicia en casos que involucren\u00a0 la Orientaci\u00f3n Sexual o la Identidad de G\u00e9nero, emitido por la Suprema Corte de Justicia de la Naci\u00f3n.<\/span><\/li>\n<li><span style=\"color: #1a1a1a;\">Los estereotipos\u00a0 m\u00e1s comunes sobre personas LGBT, y<\/span><\/li>\n<li><span style=\"color: #1a1a1a;\">Libre Desarrollo de la Personalidad.<\/span><\/li>\n<\/ul>\n<p><span style=\"color: #1a1a1a;\"><\/span><\/p>\n<p><span style=\"color: #1a1a1a;\">Adem\u00e1s, comparti\u00f3 Jurisprudencia emitida por la Suprema Corte de Justicia de la Naci\u00f3n, as\u00ed como normatividad de otros pa\u00edses y criterios de la Corte Interamericana de Derechos Humanos, sobre identidad de g\u00e9nero, cambio de nombre y sexo legal.<\/span><\/p>\n\t\t\t\t\t\t\t\t<\/div>\n\t\t\t\t<\/div>\n\t\t\t\t\t<\/div>\n\t\t<\/div>\n\t\t\t\t\t<\/div>\n\t\t<\/section>\n\t\t\t\t<section class=\"elementor-section elementor-top-section elementor-element elementor-element-0a1e59e elementor-section-boxed elementor-section-height-default elementor-section-height-default\" data-id=\"0a1e59e\" data-element_type=\"section\" data-e-type=\"section\">\n\t\t\t\t\t\t<div class=\"elementor-container elementor-column-gap-default\">\n\t\t\t\t\t<div class=\"elementor-column elementor-col-50 elementor-top-column elementor-element elementor-element-9382cc3\" data-id=\"9382cc3\" data-element_type=\"column\" data-e-type=\"column\">\n\t\t\t<div class=\"elementor-widget-wrap elementor-element-populated\">\n\t\t\t\t\t\t<div class=\"elementor-element elementor-element-b322c28 elementor-widget elementor-widget-image\" data-id=\"b322c28\" data-element_type=\"widget\" data-e-type=\"widget\" data-widget_type=\"image.default\">\n\t\t\t\t<div class=\"elementor-widget-container\">\n\t\t\t\t\t\t\t\t\t\t\t\t\t\t\t<img fetchpriority=\"high\" decoding=\"async\" width=\"900\" height=\"506\" src=\"https:\/\/uigtsj.poderjudicialqro.gob.mx\/wp-content\/uploads\/2021\/05\/foto1-1-1024x576.png\" class=\"attachment-large size-large wp-image-666\" alt=\"\" srcset=\"https:\/\/uigtsj.poderjudicialqro.gob.mx\/wp-content\/uploads\/2021\/05\/foto1-1-1024x576.png 1024w, https:\/\/uigtsj.poderjudicialqro.gob.mx\/wp-content\/uploads\/2021\/05\/foto1-1-300x169.png 300w, https:\/\/uigtsj.poderjudicialqro.gob.mx\/wp-content\/uploads\/2021\/05\/foto1-1-768x432.png 768w, https:\/\/uigtsj.poderjudicialqro.gob.mx\/wp-content\/uploads\/2021\/05\/foto1-1.png 1350w\" sizes=\"(max-width: 900px) 100vw, 900px\" \/>\t\t\t\t\t\t\t\t\t\t\t\t\t\t\t<\/div>\n\t\t\t\t<\/div>\n\t\t\t\t\t<\/div>\n\t\t<\/div>\n\t\t\t\t<div class=\"elementor-column elementor-col-50 elementor-top-column elementor-element elementor-element-0cb15c1\" data-id=\"0cb15c1\" data-element_type=\"column\" data-e-type=\"column\">\n\t\t\t<div class=\"elementor-widget-wrap elementor-element-populated\">\n\t\t\t\t\t\t<div class=\"elementor-element elementor-element-9ba977c elementor-widget elementor-widget-image\" data-id=\"9ba977c\" data-element_type=\"widget\" data-e-type=\"widget\" data-widget_type=\"image.default\">\n\t\t\t\t<div class=\"elementor-widget-container\">\n\t\t\t\t\t\t\t\t\t\t\t\t\t\t\t<img decoding=\"async\" width=\"900\" height=\"506\" src=\"https:\/\/uigtsj.poderjudicialqro.gob.mx\/wp-content\/uploads\/2021\/05\/foto2-1024x576.png\" class=\"attachment-large size-large wp-image-667\" alt=\"\" srcset=\"https:\/\/uigtsj.poderjudicialqro.gob.mx\/wp-content\/uploads\/2021\/05\/foto2-1024x576.png 1024w, https:\/\/uigtsj.poderjudicialqro.gob.mx\/wp-content\/uploads\/2021\/05\/foto2-300x169.png 300w, https:\/\/uigtsj.poderjudicialqro.gob.mx\/wp-content\/uploads\/2021\/05\/foto2-768x432.png 768w, https:\/\/uigtsj.poderjudicialqro.gob.mx\/wp-content\/uploads\/2021\/05\/foto2.png 1350w\" sizes=\"(max-width: 900px) 100vw, 900px\" \/>\t\t\t\t\t\t\t\t\t\t\t\t\t\t\t<\/div>\n\t\t\t\t<\/div>\n\t\t\t\t\t<\/div>\n\t\t<\/div>\n\t\t\t\t\t<\/div>\n\t\t<\/section>\n\t\t\t\t<section class=\"elementor-section elementor-top-section elementor-element elementor-element-93356e9 elementor-section-boxed elementor-section-height-default elementor-section-height-default\" data-id=\"93356e9\" data-element_type=\"section\" data-e-type=\"section\">\n\t\t\t\t\t\t<div class=\"elementor-container elementor-column-gap-default\">\n\t\t\t\t\t<div class=\"elementor-column elementor-col-50 elementor-top-column elementor-element elementor-element-f18b94e\" data-id=\"f18b94e\" data-element_type=\"column\" data-e-type=\"column\">\n\t\t\t<div class=\"elementor-widget-wrap elementor-element-populated\">\n\t\t\t\t\t\t<div class=\"elementor-element elementor-element-7cdc98a elementor-widget elementor-widget-image\" data-id=\"7cdc98a\" data-element_type=\"widget\" data-e-type=\"widget\" data-widget_type=\"image.default\">\n\t\t\t\t<div class=\"elementor-widget-container\">\n\t\t\t\t\t\t\t\t\t\t\t\t\t\t\t<img decoding=\"async\" width=\"900\" height=\"506\" src=\"https:\/\/uigtsj.poderjudicialqro.gob.mx\/wp-content\/uploads\/2021\/05\/foto-2.1-1024x576.png\" class=\"attachment-large size-large wp-image-673\" alt=\"\" srcset=\"https:\/\/uigtsj.poderjudicialqro.gob.mx\/wp-content\/uploads\/2021\/05\/foto-2.1-1024x576.png 1024w, https:\/\/uigtsj.poderjudicialqro.gob.mx\/wp-content\/uploads\/2021\/05\/foto-2.1-300x169.png 300w, https:\/\/uigtsj.poderjudicialqro.gob.mx\/wp-content\/uploads\/2021\/05\/foto-2.1-768x432.png 768w, https:\/\/uigtsj.poderjudicialqro.gob.mx\/wp-content\/uploads\/2021\/05\/foto-2.1-1536x864.png 1536w, https:\/\/uigtsj.poderjudicialqro.gob.mx\/wp-content\/uploads\/2021\/05\/foto-2.1.png 1600w\" sizes=\"(max-width: 900px) 100vw, 900px\" \/>\t\t\t\t\t\t\t\t\t\t\t\t\t\t\t<\/div>\n\t\t\t\t<\/div>\n\t\t\t\t\t<\/div>\n\t\t<\/div>\n\t\t\t\t<div class=\"elementor-column elementor-col-50 elementor-top-column elementor-element elementor-element-e36495f\" data-id=\"e36495f\" data-element_type=\"column\" data-e-type=\"column\">\n\t\t\t<div class=\"elementor-widget-wrap elementor-element-populated\">\n\t\t\t\t\t\t<div class=\"elementor-element elementor-element-3b432c0 elementor-widget elementor-widget-image\" data-id=\"3b432c0\" data-element_type=\"widget\" data-e-type=\"widget\" data-widget_type=\"image.default\">\n\t\t\t\t<div class=\"elementor-widget-container\">\n\t\t\t\t\t\t\t\t\t\t\t\t\t\t\t<img loading=\"lazy\" decoding=\"async\" width=\"900\" height=\"506\" src=\"https:\/\/uigtsj.poderjudicialqro.gob.mx\/wp-content\/uploads\/2021\/05\/foto-2.2-1024x576.png\" class=\"attachment-large size-large wp-image-674\" alt=\"\" srcset=\"https:\/\/uigtsj.poderjudicialqro.gob.mx\/wp-content\/uploads\/2021\/05\/foto-2.2-1024x576.png 1024w, https:\/\/uigtsj.poderjudicialqro.gob.mx\/wp-content\/uploads\/2021\/05\/foto-2.2-300x169.png 300w, https:\/\/uigtsj.poderjudicialqro.gob.mx\/wp-content\/uploads\/2021\/05\/foto-2.2-768x432.png 768w, https:\/\/uigtsj.poderjudicialqro.gob.mx\/wp-content\/uploads\/2021\/05\/foto-2.2.png 1350w\" sizes=\"(max-width: 900px) 100vw, 900px\" \/>\t\t\t\t\t\t\t\t\t\t\t\t\t\t\t<\/div>\n\t\t\t\t<\/div>\n\t\t\t\t\t<\/div>\n\t\t<\/div>\n\t\t\t\t\t<\/div>\n\t\t<\/section>\n\t\t\t\t<section class=\"elementor-section elementor-top-section elementor-element elementor-element-4285859 elementor-section-boxed elementor-section-height-default elementor-section-height-default\" data-id=\"4285859\" data-element_type=\"section\" data-e-type=\"section\">\n\t\t\t\t\t\t<div class=\"elementor-container elementor-column-gap-default\">\n\t\t\t\t\t<div class=\"elementor-column elementor-col-50 elementor-top-column elementor-element elementor-element-7a03e03\" data-id=\"7a03e03\" data-element_type=\"column\" data-e-type=\"column\">\n\t\t\t<div class=\"elementor-widget-wrap elementor-element-populated\">\n\t\t\t\t\t\t<div class=\"elementor-element elementor-element-96b8ac7 elementor-widget elementor-widget-image\" data-id=\"96b8ac7\" data-element_type=\"widget\" data-e-type=\"widget\" data-widget_type=\"image.default\">\n\t\t\t\t<div class=\"elementor-widget-container\">\n\t\t\t\t\t\t\t\t\t\t\t\t\t\t\t<img loading=\"lazy\" decoding=\"async\" width=\"900\" height=\"506\" src=\"https:\/\/uigtsj.poderjudicialqro.gob.mx\/wp-content\/uploads\/2021\/05\/foto3-1024x576.png\" class=\"attachment-large size-large wp-image-668\" alt=\"\" srcset=\"https:\/\/uigtsj.poderjudicialqro.gob.mx\/wp-content\/uploads\/2021\/05\/foto3-1024x576.png 1024w, https:\/\/uigtsj.poderjudicialqro.gob.mx\/wp-content\/uploads\/2021\/05\/foto3-300x169.png 300w, https:\/\/uigtsj.poderjudicialqro.gob.mx\/wp-content\/uploads\/2021\/05\/foto3-768x432.png 768w, https:\/\/uigtsj.poderjudicialqro.gob.mx\/wp-content\/uploads\/2021\/05\/foto3.png 1350w\" sizes=\"(max-width: 900px) 100vw, 900px\" \/>\t\t\t\t\t\t\t\t\t\t\t\t\t\t\t<\/div>\n\t\t\t\t<\/div>\n\t\t\t\t\t<\/div>\n\t\t<\/div>\n\t\t\t\t<div class=\"elementor-column elementor-col-50 elementor-top-column elementor-element elementor-element-1260bd3\" data-id=\"1260bd3\" data-element_type=\"column\" data-e-type=\"column\">\n\t\t\t<div class=\"elementor-widget-wrap elementor-element-populated\">\n\t\t\t\t\t\t<div class=\"elementor-element elementor-element-63fd312 elementor-widget elementor-widget-image\" data-id=\"63fd312\" data-element_type=\"widget\" data-e-type=\"widget\" data-widget_type=\"image.default\">\n\t\t\t\t<div class=\"elementor-widget-container\">\n\t\t\t\t\t\t\t\t\t\t\t\t\t\t\t<img loading=\"lazy\" decoding=\"async\" width=\"900\" height=\"506\" src=\"https:\/\/uigtsj.poderjudicialqro.gob.mx\/wp-content\/uploads\/2021\/05\/foto4-1024x576.png\" class=\"attachment-large size-large wp-image-669\" alt=\"\" srcset=\"https:\/\/uigtsj.poderjudicialqro.gob.mx\/wp-content\/uploads\/2021\/05\/foto4-1024x576.png 1024w, https:\/\/uigtsj.poderjudicialqro.gob.mx\/wp-content\/uploads\/2021\/05\/foto4-300x169.png 300w, https:\/\/uigtsj.poderjudicialqro.gob.mx\/wp-content\/uploads\/2021\/05\/foto4-768x432.png 768w, https:\/\/uigtsj.poderjudicialqro.gob.mx\/wp-content\/uploads\/2021\/05\/foto4.png 1350w\" sizes=\"(max-width: 900px) 100vw, 900px\" \/>\t\t\t\t\t\t\t\t\t\t\t\t\t\t\t<\/div>\n\t\t\t\t<\/div>\n\t\t\t\t\t<\/div>\n\t\t<\/div>\n\t\t\t\t\t<\/div>\n\t\t<\/section>\n\t\t\t\t<\/div>\n\t\t","protected":false},"excerpt":{"rendered":"<p>Hoy iniciamos con el ciclo de videoconferencias a cargo de la Dra. Myrna Elia Garc\u00eda Barrera, Coordinadora de la Unidad de Prevenci\u00f3n, Investigaci\u00f3n y combate de la Violencia de G\u00e9nero en el Poder Judicial de Nuevo Le\u00f3n, en el que se abordaron temas sobre: Derechos Humanos Discriminaci\u00f3n Categor\u00edas protegidas antes sospechosas Igualdad Sustantiva Diversidad Sexual &#8230; <a title=\"Videoconferencia \u00abHaciendo realidad el Derecho a la Igualdad\u00bb\" class=\"read-more\" href=\"https:\/\/uigtsj.poderjudicialqro.gob.mx\/index.php\/2021\/05\/04\/haciendo-realidad-el-derecho-a-la-igualdad\/\" aria-label=\"Leer m\u00e1s sobre Videoconferencia \u00abHaciendo realidad el Derecho a la Igualdad\u00bb\">Leer m\u00e1s<\/a><\/p>\n","protected":false},"author":1,"featured_media":0,"comment_status":"closed","ping_status":"open","sticky":false,"template":"","format":"standard","meta":{"footnotes":""},"categories":[10],"tags":[],"class_list":["post-658","post","type-post","status-publish","format-standard","hentry","category-sesion-de-trabajo"],"_links":{"self":[{"href":"https:\/\/uigtsj.poderjudicialqro.gob.mx\/index.php\/wp-json\/wp\/v2\/posts\/658","targetHints":{"allow":["GET"]}}],"collection":[{"href":"https:\/\/uigtsj.poderjudicialqro.gob.mx\/index.php\/wp-json\/wp\/v2\/posts"}],"about":[{"href":"https:\/\/uigtsj.poderjudicialqro.gob.mx\/index.php\/wp-json\/wp\/v2\/types\/post"}],"author":[{"embeddable":true,"href":"https:\/\/uigtsj.poderjudicialqro.gob.mx\/index.php\/wp-json\/wp\/v2\/users\/1"}],"replies":[{"embeddable":true,"href":"https:\/\/uigtsj.poderjudicialqro.gob.mx\/index.php\/wp-json\/wp\/v2\/comments?post=658"}],"version-history":[{"count":20,"href":"https:\/\/uigtsj.poderjudicialqro.gob.mx\/index.php\/wp-json\/wp\/v2\/posts\/658\/revisions"}],"predecessor-version":[{"id":5918,"href":"https:\/\/uigtsj.poderjudicialqro.gob.mx\/index.php\/wp-json\/wp\/v2\/posts\/658\/revisions\/5918"}],"wp:attachment":[{"href":"https:\/\/uigtsj.poderjudicialqro.gob.mx\/index.php\/wp-json\/wp\/v2\/media?parent=658"}],"wp:term":[{"taxonomy":"category","embeddable":true,"href":"https:\/\/uigtsj.poderjudicialqro.gob.mx\/index.php\/wp-json\/wp\/v2\/categories?post=658"},{"taxonomy":"post_tag","embeddable":true,"href":"https:\/\/uigtsj.poderjudicialqro.gob.mx\/index.php\/wp-json\/wp\/v2\/tags?post=658"}],"curies":[{"name":"wp","href":"https:\/\/api.w.org\/{rel}","templated":true}]}}