{"id":6653,"date":"2025-03-08T09:45:45","date_gmt":"2025-03-08T15:45:45","guid":{"rendered":"https:\/\/uigtsj.poderjudicialqro.gob.mx\/?p=6653"},"modified":"2025-09-26T09:57:01","modified_gmt":"2025-09-26T15:57:01","slug":"dia-internacional-de-la-mujer","status":"publish","type":"post","link":"https:\/\/uigtsj.poderjudicialqro.gob.mx\/index.php\/2025\/03\/08\/dia-internacional-de-la-mujer\/","title":{"rendered":"D\u00eda Internacional de la Mujer"},"content":{"rendered":"\t\t<div data-elementor-type=\"wp-post\" data-elementor-id=\"6653\" class=\"elementor elementor-6653\">\n\t\t\t\t\t\t<section class=\"elementor-section elementor-top-section elementor-element elementor-element-ac41eee elementor-section-boxed elementor-section-height-default elementor-section-height-default\" data-id=\"ac41eee\" data-element_type=\"section\" data-e-type=\"section\">\n\t\t\t\t\t\t<div class=\"elementor-container elementor-column-gap-default\">\n\t\t\t\t\t<div class=\"elementor-column elementor-col-100 elementor-top-column elementor-element elementor-element-8923b46\" data-id=\"8923b46\" data-element_type=\"column\" data-e-type=\"column\">\n\t\t\t<div class=\"elementor-widget-wrap elementor-element-populated\">\n\t\t\t\t\t\t<div class=\"elementor-element elementor-element-1b425db elementor-widget elementor-widget-text-editor\" data-id=\"1b425db\" data-element_type=\"widget\" data-e-type=\"widget\" data-widget_type=\"text-editor.default\">\n\t\t\t\t<div class=\"elementor-widget-container\">\n\t\t\t\t\t\t\t\t\t<p><span style=\"color: #000000;\">En el marco del<span style=\"color: #604eff;\"> <strong>D\u00eda Internacional de la Mujer, #8M<\/strong> <\/span>el Poder Judicial del Estado de Quer\u00e9taro entreg\u00f3 a todas las personas servidoras p\u00fablicas un \u201cPin de mo\u00f1o morado\u201d, acompa\u00f1ado de la \u201cGu\u00eda de Prevenci\u00f3n de la Violencia contra las Mujeres\u201d: Esta acci\u00f3n simb\u00f3lica <span style=\"color: #604eff;\"><strong>reafirma el compromiso institucional de cero tolerancia<\/strong><\/span> ante<span style=\"color: #604eff;\"> <strong>cualquier tipo o modalidad de violencia contra mujeres y ni\u00f1as<\/strong><\/span>, y fortalece una justicia con perspectiva de g\u00e9nero, cercana y comprometida con los derechos humanos de las mujeres.<\/span><\/p>\t\t\t\t\t\t\t\t<\/div>\n\t\t\t\t<\/div>\n\t\t\t\t\t<\/div>\n\t\t<\/div>\n\t\t\t\t\t<\/div>\n\t\t<\/section>\n\t\t\t\t<section class=\"elementor-section elementor-top-section elementor-element elementor-element-71e2d98 elementor-section-boxed elementor-section-height-default elementor-section-height-default\" data-id=\"71e2d98\" data-element_type=\"section\" data-e-type=\"section\">\n\t\t\t\t\t\t<div class=\"elementor-container elementor-column-gap-default\">\n\t\t\t\t\t<div class=\"elementor-column elementor-col-100 elementor-top-column elementor-element elementor-element-f460dce\" data-id=\"f460dce\" data-element_type=\"column\" data-e-type=\"column\">\n\t\t\t<div class=\"elementor-widget-wrap elementor-element-populated\">\n\t\t\t\t\t\t<div class=\"elementor-element elementor-element-b95a725 elementor-widget elementor-widget-image\" data-id=\"b95a725\" data-element_type=\"widget\" data-e-type=\"widget\" data-widget_type=\"image.default\">\n\t\t\t\t<div class=\"elementor-widget-container\">\n\t\t\t\t\t\t\t\t\t\t\t\t\t\t\t<img fetchpriority=\"high\" decoding=\"async\" width=\"900\" height=\"630\" src=\"https:\/\/uigtsj.poderjudicialqro.gob.mx\/wp-content\/uploads\/2025\/09\/Mockup-_-8M-1-1024x717.jpg\" class=\"attachment-large size-large wp-image-6659\" alt=\"\" srcset=\"https:\/\/uigtsj.poderjudicialqro.gob.mx\/wp-content\/uploads\/2025\/09\/Mockup-_-8M-1-1024x717.jpg 1024w, https:\/\/uigtsj.poderjudicialqro.gob.mx\/wp-content\/uploads\/2025\/09\/Mockup-_-8M-1-300x210.jpg 300w, https:\/\/uigtsj.poderjudicialqro.gob.mx\/wp-content\/uploads\/2025\/09\/Mockup-_-8M-1-768x538.jpg 768w, https:\/\/uigtsj.poderjudicialqro.gob.mx\/wp-content\/uploads\/2025\/09\/Mockup-_-8M-1-1536x1075.jpg 1536w, https:\/\/uigtsj.poderjudicialqro.gob.mx\/wp-content\/uploads\/2025\/09\/Mockup-_-8M-1.jpg 1600w\" sizes=\"(max-width: 900px) 100vw, 900px\" \/>\t\t\t\t\t\t\t\t\t\t\t\t\t\t\t<\/div>\n\t\t\t\t<\/div>\n\t\t\t\t\t<\/div>\n\t\t<\/div>\n\t\t\t\t\t<\/div>\n\t\t<\/section>\n\t\t\t\t<\/div>\n\t\t","protected":false},"excerpt":{"rendered":"<p>En el marco del D\u00eda Internacional de la Mujer, #8M el Poder Judicial del Estado de Quer\u00e9taro entreg\u00f3 a todas las personas servidoras p\u00fablicas un \u201cPin de mo\u00f1o morado\u201d, acompa\u00f1ado de la \u201cGu\u00eda de Prevenci\u00f3n de la Violencia contra las Mujeres\u201d: Esta acci\u00f3n simb\u00f3lica reafirma el compromiso institucional de cero tolerancia ante cualquier tipo o &#8230; <a title=\"D\u00eda Internacional de la Mujer\" class=\"read-more\" href=\"https:\/\/uigtsj.poderjudicialqro.gob.mx\/index.php\/2025\/03\/08\/dia-internacional-de-la-mujer\/\" aria-label=\"Leer m\u00e1s sobre D\u00eda Internacional de la Mujer\">Leer m\u00e1s<\/a><\/p>\n","protected":false},"author":1,"featured_media":0,"comment_status":"closed","ping_status":"open","sticky":false,"template":"","format":"standard","meta":{"footnotes":""},"categories":[6],"tags":[],"class_list":["post-6653","post","type-post","status-publish","format-standard","hentry","category-informacion"],"_links":{"self":[{"href":"https:\/\/uigtsj.poderjudicialqro.gob.mx\/index.php\/wp-json\/wp\/v2\/posts\/6653","targetHints":{"allow":["GET"]}}],"collection":[{"href":"https:\/\/uigtsj.poderjudicialqro.gob.mx\/index.php\/wp-json\/wp\/v2\/posts"}],"about":[{"href":"https:\/\/uigtsj.poderjudicialqro.gob.mx\/index.php\/wp-json\/wp\/v2\/types\/post"}],"author":[{"embeddable":true,"href":"https:\/\/uigtsj.poderjudicialqro.gob.mx\/index.php\/wp-json\/wp\/v2\/users\/1"}],"replies":[{"embeddable":true,"href":"https:\/\/uigtsj.poderjudicialqro.gob.mx\/index.php\/wp-json\/wp\/v2\/comments?post=6653"}],"version-history":[{"count":13,"href":"https:\/\/uigtsj.poderjudicialqro.gob.mx\/index.php\/wp-json\/wp\/v2\/posts\/6653\/revisions"}],"predecessor-version":[{"id":6677,"href":"https:\/\/uigtsj.poderjudicialqro.gob.mx\/index.php\/wp-json\/wp\/v2\/posts\/6653\/revisions\/6677"}],"wp:attachment":[{"href":"https:\/\/uigtsj.poderjudicialqro.gob.mx\/index.php\/wp-json\/wp\/v2\/media?parent=6653"}],"wp:term":[{"taxonomy":"category","embeddable":true,"href":"https:\/\/uigtsj.poderjudicialqro.gob.mx\/index.php\/wp-json\/wp\/v2\/categories?post=6653"},{"taxonomy":"post_tag","embeddable":true,"href":"https:\/\/uigtsj.poderjudicialqro.gob.mx\/index.php\/wp-json\/wp\/v2\/tags?post=6653"}],"curies":[{"name":"wp","href":"https:\/\/api.w.org\/{rel}","templated":true}]}}