{"id":6787,"date":"2025-06-04T12:36:02","date_gmt":"2025-06-04T18:36:02","guid":{"rendered":"https:\/\/uigtsj.poderjudicialqro.gob.mx\/?p=6787"},"modified":"2025-10-03T11:36:33","modified_gmt":"2025-10-03T17:36:33","slug":"cuarta-sesion-ordinara-del-comite-coordinador-para-la-elaboracion-seguimiento-y-evaluacion-del-programa-estatal-de-derechos-humanos-2024-2027","status":"publish","type":"post","link":"https:\/\/uigtsj.poderjudicialqro.gob.mx\/index.php\/2025\/06\/04\/cuarta-sesion-ordinara-del-comite-coordinador-para-la-elaboracion-seguimiento-y-evaluacion-del-programa-estatal-de-derechos-humanos-2024-2027\/","title":{"rendered":"Cuarta sesi\u00f3n ordinara del Comit\u00e9 Coordinador para la elaboraci\u00f3n, seguimiento y evaluaci\u00f3n del Programa Estatal de Derechos Humanos 2024-2027"},"content":{"rendered":"\t\t<div data-elementor-type=\"wp-post\" data-elementor-id=\"6787\" class=\"elementor elementor-6787\">\n\t\t\t\t\t\t<section class=\"elementor-section elementor-top-section elementor-element elementor-element-ac41eee elementor-section-boxed elementor-section-height-default elementor-section-height-default\" data-id=\"ac41eee\" data-element_type=\"section\" data-e-type=\"section\">\n\t\t\t\t\t\t<div class=\"elementor-container elementor-column-gap-default\">\n\t\t\t\t\t<div class=\"elementor-column elementor-col-100 elementor-top-column elementor-element elementor-element-8923b46\" data-id=\"8923b46\" data-element_type=\"column\" data-e-type=\"column\">\n\t\t\t<div class=\"elementor-widget-wrap elementor-element-populated\">\n\t\t\t\t\t\t<div class=\"elementor-element elementor-element-1b425db elementor-widget elementor-widget-text-editor\" data-id=\"1b425db\" data-element_type=\"widget\" data-e-type=\"widget\" data-widget_type=\"text-editor.default\">\n\t\t\t\t<div class=\"elementor-widget-container\">\n\t\t\t\t\t\t\t\t\t<p><span style=\"color: #000000;\">En representaci\u00f3n del <strong>Dr. Braulio Guerra Urbiola<\/strong>, <strong>Magistrado Presidente del Poder Judicial del Estado de Quer\u00e9taro,<\/strong> asisti\u00f3 el <strong>Mtro. Greco Rosas M\u00e9ndez<\/strong>, Magistrado Presidente de la Sala Familiar, acompa\u00f1ado por la <strong><span style=\"color: #604eff;\">Unidad de Derechos Humanos e Igualdad de G\u00e9nero<\/span> del Poder Judicial<\/strong>, a la <strong>cuarta sesi\u00f3n ordinaria del Comit\u00e9 Coordinador para la Elaboraci\u00f3n, Seguimiento y Evaluaci\u00f3n del Programa Estatal de Derechos Humanos 2024-2027<\/strong>.<\/span><\/p><p><span style=\"color: #000000;\">Durante la sesi\u00f3n se present\u00f3 la nueva plataforma digital de seguimiento al Programa Estatal de Derechos Humanos, que posiciona a Quer\u00e9taro como uno de los primeros estados del pa\u00eds y el tercero a nivel mundial en contar con una herramienta de este tipo. Esta plataforma permitir\u00e1 monitorear en tiempo real acciones y metas, clasificarlas por tipo de derecho, instituci\u00f3n responsable y poblaci\u00f3n objetivo, fortaleciendo as\u00ed la transparencia y la rendici\u00f3n de cuentas.<\/span><\/p><p><span style=\"color: #000000;\">La herramienta fue desarrollada por estudiantes y docentes de la Universidad Polit\u00e9cnica de Quer\u00e9taro (UPQ), en coordinaci\u00f3n con la Secretar\u00eda de Gobierno, y busca tambi\u00e9n registrar y visibilizar avances en el cumplimiento de recomendaciones y resoluciones emitidas por organismos internacionales y tribunales en materia de derechos humanos.<\/span><\/p><p><span style=\"color: #000000;\">Asimismo, se present\u00f3 el informe impreso del Programa Estatal de Derechos Humanos 2024-2027, en el que se destacan las acciones del Poder Judicial del Estado de Quer\u00e9taro, as\u00ed como su compromiso con la protecci\u00f3n y promoci\u00f3n de los derechos humanos.<\/span><\/p><p><span style=\"color: #000000;\">El Programa Estatal contempla siete l\u00edneas estrat\u00e9gicas, ocho grupos prioritarios en situaci\u00f3n de vulnerabilidad y m\u00e1s de 180 acciones espec\u00edficas orientadas a fortalecer el respeto y garant\u00eda de los derechos humanos en la entidad.<\/span><\/p>\t\t\t\t\t\t\t\t<\/div>\n\t\t\t\t<\/div>\n\t\t\t\t\t<\/div>\n\t\t<\/div>\n\t\t\t\t\t<\/div>\n\t\t<\/section>\n\t\t\t\t<section class=\"elementor-section elementor-top-section elementor-element elementor-element-35a628c elementor-section-boxed elementor-section-height-default elementor-section-height-default\" data-id=\"35a628c\" data-element_type=\"section\" data-e-type=\"section\">\n\t\t\t\t\t\t<div class=\"elementor-container elementor-column-gap-default\">\n\t\t\t\t\t<div class=\"elementor-column elementor-col-100 elementor-top-column elementor-element elementor-element-8e9f153\" data-id=\"8e9f153\" data-element_type=\"column\" data-e-type=\"column\">\n\t\t\t<div class=\"elementor-widget-wrap elementor-element-populated\">\n\t\t\t\t\t\t<div class=\"elementor-element elementor-element-4afcf5d elementor-widget elementor-widget-image\" data-id=\"4afcf5d\" data-element_type=\"widget\" data-e-type=\"widget\" data-widget_type=\"image.default\">\n\t\t\t\t<div class=\"elementor-widget-container\">\n\t\t\t\t\t\t\t\t\t\t\t\t\t\t\t<img fetchpriority=\"high\" decoding=\"async\" width=\"768\" height=\"512\" src=\"https:\/\/uigtsj.poderjudicialqro.gob.mx\/wp-content\/uploads\/2025\/09\/Cuarta-sesion-2-768x512.jpg\" class=\"attachment-medium_large size-medium_large wp-image-6791\" alt=\"\" srcset=\"https:\/\/uigtsj.poderjudicialqro.gob.mx\/wp-content\/uploads\/2025\/09\/Cuarta-sesion-2-768x512.jpg 768w, https:\/\/uigtsj.poderjudicialqro.gob.mx\/wp-content\/uploads\/2025\/09\/Cuarta-sesion-2-300x200.jpg 300w, https:\/\/uigtsj.poderjudicialqro.gob.mx\/wp-content\/uploads\/2025\/09\/Cuarta-sesion-2-1024x683.jpg 1024w, https:\/\/uigtsj.poderjudicialqro.gob.mx\/wp-content\/uploads\/2025\/09\/Cuarta-sesion-2-1536x1024.jpg 1536w, https:\/\/uigtsj.poderjudicialqro.gob.mx\/wp-content\/uploads\/2025\/09\/Cuarta-sesion-2.jpg 2048w\" sizes=\"(max-width: 768px) 100vw, 768px\" \/>\t\t\t\t\t\t\t\t\t\t\t\t\t\t\t<\/div>\n\t\t\t\t<\/div>\n\t\t\t\t<div class=\"elementor-element elementor-element-c40b658 elementor-widget elementor-widget-image\" data-id=\"c40b658\" data-element_type=\"widget\" data-e-type=\"widget\" data-widget_type=\"image.default\">\n\t\t\t\t<div class=\"elementor-widget-container\">\n\t\t\t\t\t\t\t\t\t\t\t\t\t\t\t<img decoding=\"async\" width=\"410\" height=\"395\" src=\"https:\/\/uigtsj.poderjudicialqro.gob.mx\/wp-content\/uploads\/2025\/09\/Cuarta-sesion-1.jpg\" class=\"attachment-medium_large size-medium_large wp-image-6790\" alt=\"\" srcset=\"https:\/\/uigtsj.poderjudicialqro.gob.mx\/wp-content\/uploads\/2025\/09\/Cuarta-sesion-1.jpg 410w, https:\/\/uigtsj.poderjudicialqro.gob.mx\/wp-content\/uploads\/2025\/09\/Cuarta-sesion-1-300x289.jpg 300w\" sizes=\"(max-width: 410px) 100vw, 410px\" \/>\t\t\t\t\t\t\t\t\t\t\t\t\t\t\t<\/div>\n\t\t\t\t<\/div>\n\t\t\t\t\t<\/div>\n\t\t<\/div>\n\t\t\t\t\t<\/div>\n\t\t<\/section>\n\t\t\t\t<\/div>\n\t\t","protected":false},"excerpt":{"rendered":"<p>En representaci\u00f3n del Dr. Braulio Guerra Urbiola, Magistrado Presidente del Poder Judicial del Estado de Quer\u00e9taro, asisti\u00f3 el Mtro. Greco Rosas M\u00e9ndez, Magistrado Presidente de la Sala Familiar, acompa\u00f1ado por la Unidad de Derechos Humanos e Igualdad de G\u00e9nero del Poder Judicial, a la cuarta sesi\u00f3n ordinaria del Comit\u00e9 Coordinador para la Elaboraci\u00f3n, Seguimiento y &#8230; <a title=\"Cuarta sesi\u00f3n ordinara del Comit\u00e9 Coordinador para la elaboraci\u00f3n, seguimiento y evaluaci\u00f3n del Programa Estatal de Derechos Humanos 2024-2027\" class=\"read-more\" href=\"https:\/\/uigtsj.poderjudicialqro.gob.mx\/index.php\/2025\/06\/04\/cuarta-sesion-ordinara-del-comite-coordinador-para-la-elaboracion-seguimiento-y-evaluacion-del-programa-estatal-de-derechos-humanos-2024-2027\/\" aria-label=\"Leer m\u00e1s sobre Cuarta sesi\u00f3n ordinara del Comit\u00e9 Coordinador para la elaboraci\u00f3n, seguimiento y evaluaci\u00f3n del Programa Estatal de Derechos Humanos 2024-2027\">Leer m\u00e1s<\/a><\/p>\n","protected":false},"author":1,"featured_media":0,"comment_status":"closed","ping_status":"open","sticky":false,"template":"","format":"standard","meta":{"footnotes":""},"categories":[5,8],"tags":[],"class_list":["post-6787","post","type-post","status-publish","format-standard","hentry","category-eventos","category-platica-informativa"],"_links":{"self":[{"href":"https:\/\/uigtsj.poderjudicialqro.gob.mx\/index.php\/wp-json\/wp\/v2\/posts\/6787","targetHints":{"allow":["GET"]}}],"collection":[{"href":"https:\/\/uigtsj.poderjudicialqro.gob.mx\/index.php\/wp-json\/wp\/v2\/posts"}],"about":[{"href":"https:\/\/uigtsj.poderjudicialqro.gob.mx\/index.php\/wp-json\/wp\/v2\/types\/post"}],"author":[{"embeddable":true,"href":"https:\/\/uigtsj.poderjudicialqro.gob.mx\/index.php\/wp-json\/wp\/v2\/users\/1"}],"replies":[{"embeddable":true,"href":"https:\/\/uigtsj.poderjudicialqro.gob.mx\/index.php\/wp-json\/wp\/v2\/comments?post=6787"}],"version-history":[{"count":4,"href":"https:\/\/uigtsj.poderjudicialqro.gob.mx\/index.php\/wp-json\/wp\/v2\/posts\/6787\/revisions"}],"predecessor-version":[{"id":6794,"href":"https:\/\/uigtsj.poderjudicialqro.gob.mx\/index.php\/wp-json\/wp\/v2\/posts\/6787\/revisions\/6794"}],"wp:attachment":[{"href":"https:\/\/uigtsj.poderjudicialqro.gob.mx\/index.php\/wp-json\/wp\/v2\/media?parent=6787"}],"wp:term":[{"taxonomy":"category","embeddable":true,"href":"https:\/\/uigtsj.poderjudicialqro.gob.mx\/index.php\/wp-json\/wp\/v2\/categories?post=6787"},{"taxonomy":"post_tag","embeddable":true,"href":"https:\/\/uigtsj.poderjudicialqro.gob.mx\/index.php\/wp-json\/wp\/v2\/tags?post=6787"}],"curies":[{"name":"wp","href":"https:\/\/api.w.org\/{rel}","templated":true}]}}