{"id":700,"date":"2021-05-11T08:45:00","date_gmt":"2021-05-11T14:45:00","guid":{"rendered":"https:\/\/uigtsj.tribunalqro.gob.mx\/?p=700"},"modified":"2024-12-02T15:34:47","modified_gmt":"2024-12-02T21:34:47","slug":"videoconferencia-visibilizacion-de-la-violencia-de-genero","status":"publish","type":"post","link":"https:\/\/uigtsj.poderjudicialqro.gob.mx\/index.php\/2021\/05\/11\/videoconferencia-visibilizacion-de-la-violencia-de-genero\/","title":{"rendered":"Videoconferencia \u00abVisibilizaci\u00f3n de la Violencia de G\u00e9nero\u00bb"},"content":{"rendered":"\t\t<div data-elementor-type=\"wp-post\" data-elementor-id=\"700\" class=\"elementor elementor-700\">\n\t\t\t\t\t\t<section class=\"elementor-section elementor-top-section elementor-element elementor-element-1c034e4c elementor-section-boxed elementor-section-height-default elementor-section-height-default\" data-id=\"1c034e4c\" data-element_type=\"section\" data-e-type=\"section\">\n\t\t\t\t\t\t<div class=\"elementor-container elementor-column-gap-default\">\n\t\t\t\t\t<div class=\"elementor-column elementor-col-100 elementor-top-column elementor-element elementor-element-3a70e06f\" data-id=\"3a70e06f\" data-element_type=\"column\" data-e-type=\"column\">\n\t\t\t<div class=\"elementor-widget-wrap elementor-element-populated\">\n\t\t\t\t\t\t<div class=\"elementor-element elementor-element-2d291539 elementor-widget elementor-widget-text-editor\" data-id=\"2d291539\" data-element_type=\"widget\" data-e-type=\"widget\" data-widget_type=\"text-editor.default\">\n\t\t\t\t<div class=\"elementor-widget-container\">\n\t\t\t\t\t\t\t\t\t\n<p><span style=\"color: #1a1a1a;\">Hoy 11 de Mayo de 2021, se llevo a cabo la segunda videoconferencia a cargo de la <strong>Dra. Myrna Elia Garc\u00eda Barrera<\/strong>, Coordinadora de la Unidad de Prevenci\u00f3n, Investigaci\u00f3n y combate de la Violencia de G\u00e9nero en el Poder Judicial de Nuevo Le\u00f3n, en el que se abordaron temas sobre:<\/span><\/p>\n<p><span style=\"color: #1a1a1a;\"><\/span><\/p>\n<p><span style=\"color: #1a1a1a;\">\u00b0 Tipos de Violencia<\/span><\/p>\n<p><span style=\"color: #1a1a1a;\"><\/span><\/p>\n<p><span style=\"color: #1a1a1a;\">\u00b0 Modalidades de la Violencia<\/span><\/p>\n<p><span style=\"color: #1a1a1a;\"><\/span><\/p>\n<p><span style=\"color: #1a1a1a;\">\u00b0 Violent\u00f3metro<\/span><\/p>\n<p><span style=\"color: #1a1a1a;\"><\/span><\/p>\n<p><span style=\"color: #1a1a1a;\">\u00b0 Alerta de Violencia de G\u00e9nero.<\/span><\/p>\n<p><span style=\"color: #1a1a1a;\"><\/span><\/p>\n<p><span style=\"color: #1a1a1a;\">\u00b0 Posibles soluciones.<\/span><\/p>\n<p><span style=\"color: #1a1a1a;\"><\/span><\/p>\n<p><span style=\"color: #1a1a1a;\">\u00b0 La victimolog\u00eda<\/span><\/p>\n<p><span style=\"color: #1a1a1a;\"><\/span><\/p>\n<p><span style=\"color: #1a1a1a;\">\u00b0 Objeto de estudio de la victimolog\u00eda<\/span><\/p>\n<p><span style=\"color: #1a1a1a;\"><\/span><\/p>\n<p><span style=\"color: #1a1a1a;\">\u00b0 Victimizaci\u00f3n<\/span><\/p>\n<p><span style=\"color: #1a1a1a;\"><\/span><\/p>\n<p><span style=\"color: #1a1a1a;\">\u00b0 Revictimizaci\u00f3n<\/span><\/p>\n<p><span style=\"color: #1a1a1a;\"><\/span><\/p>\n<p><span style=\"color: #1a1a1a;\">\u00b0 Derecho victimal<\/span><\/p>\n<p><span style=\"color: #1a1a1a;\"><\/span><\/p>\n<p><span style=\"color: #1a1a1a;\">As\u00ed mismo, comparti\u00f3 Jurisprudencia emitida por la Suprema Corte de Justicia de la Naci\u00f3n, as\u00ed como normatividad de otros pa\u00edses y criterios de la Corte Interamericana de Derechos Humanos.<\/span><\/p>\n\t\t\t\t\t\t\t\t<\/div>\n\t\t\t\t<\/div>\n\t\t\t\t\t<\/div>\n\t\t<\/div>\n\t\t\t\t\t<\/div>\n\t\t<\/section>\n\t\t\t\t<\/div>\n\t\t","protected":false},"excerpt":{"rendered":"<p>Hoy 11 de Mayo de 2021, se llevo a cabo la segunda videoconferencia a cargo de la Dra. Myrna Elia Garc\u00eda Barrera, Coordinadora de la Unidad de Prevenci\u00f3n, Investigaci\u00f3n y combate de la Violencia de G\u00e9nero en el Poder Judicial de Nuevo Le\u00f3n, en el que se abordaron temas sobre: \u00b0 Tipos de Violencia \u00b0 &#8230; <a title=\"Videoconferencia \u00abVisibilizaci\u00f3n de la Violencia de G\u00e9nero\u00bb\" class=\"read-more\" href=\"https:\/\/uigtsj.poderjudicialqro.gob.mx\/index.php\/2021\/05\/11\/videoconferencia-visibilizacion-de-la-violencia-de-genero\/\" aria-label=\"Leer m\u00e1s sobre Videoconferencia \u00abVisibilizaci\u00f3n de la Violencia de G\u00e9nero\u00bb\">Leer m\u00e1s<\/a><\/p>\n","protected":false},"author":1,"featured_media":0,"comment_status":"closed","ping_status":"open","sticky":false,"template":"","format":"standard","meta":{"footnotes":""},"categories":[10],"tags":[],"class_list":["post-700","post","type-post","status-publish","format-standard","hentry","category-sesion-de-trabajo"],"_links":{"self":[{"href":"https:\/\/uigtsj.poderjudicialqro.gob.mx\/index.php\/wp-json\/wp\/v2\/posts\/700","targetHints":{"allow":["GET"]}}],"collection":[{"href":"https:\/\/uigtsj.poderjudicialqro.gob.mx\/index.php\/wp-json\/wp\/v2\/posts"}],"about":[{"href":"https:\/\/uigtsj.poderjudicialqro.gob.mx\/index.php\/wp-json\/wp\/v2\/types\/post"}],"author":[{"embeddable":true,"href":"https:\/\/uigtsj.poderjudicialqro.gob.mx\/index.php\/wp-json\/wp\/v2\/users\/1"}],"replies":[{"embeddable":true,"href":"https:\/\/uigtsj.poderjudicialqro.gob.mx\/index.php\/wp-json\/wp\/v2\/comments?post=700"}],"version-history":[{"count":5,"href":"https:\/\/uigtsj.poderjudicialqro.gob.mx\/index.php\/wp-json\/wp\/v2\/posts\/700\/revisions"}],"predecessor-version":[{"id":5924,"href":"https:\/\/uigtsj.poderjudicialqro.gob.mx\/index.php\/wp-json\/wp\/v2\/posts\/700\/revisions\/5924"}],"wp:attachment":[{"href":"https:\/\/uigtsj.poderjudicialqro.gob.mx\/index.php\/wp-json\/wp\/v2\/media?parent=700"}],"wp:term":[{"taxonomy":"category","embeddable":true,"href":"https:\/\/uigtsj.poderjudicialqro.gob.mx\/index.php\/wp-json\/wp\/v2\/categories?post=700"},{"taxonomy":"post_tag","embeddable":true,"href":"https:\/\/uigtsj.poderjudicialqro.gob.mx\/index.php\/wp-json\/wp\/v2\/tags?post=700"}],"curies":[{"name":"wp","href":"https:\/\/api.w.org\/{rel}","templated":true}]}}